
{"id":1124,"date":"2013-06-19T12:56:28","date_gmt":"2013-06-19T10:56:28","guid":{"rendered":"http:\/\/www.dentaltravel.ch\/blog\/?p=1124"},"modified":"2024-01-25T13:07:24","modified_gmt":"2024-01-25T11:07:24","slug":"hevizer-gesundheitstage","status":"publish","type":"post","link":"https:\/\/www.dentaltravel.ch\/blog\/pressemitteilung\/hevizer-gesundheitstage.php","title":{"rendered":"H\u00e9vizer Gesundheitstage"},"content":{"rendered":"<p><img loading=\"lazy\" decoding=\"async\" class=\"alignleft size-thumbnail wp-image-1127\" title=\"Hevizer Gesundheitstage\" src=\"https:\/\/www.dentaltravel.ch\/blog\/wp-content\/uploads\/Hevizer_Gesundheitstage_Eszter_2013-150x150.jpg\" alt=\"Hevizer Gesundheitstage\" width=\"150\" height=\"150\" \/>Zu Beginn der Sommersaison fanden erneut die H\u00e9vizer Gesundheitstage statt. Veranstalter waren das ungarische Tourismusamt gemeinsam mit PA Touristik.<\/p>\n<p>Der beschauliche Kurort H\u00e9viz hat mit seinem Seewasser bereits vielen Menschen helfen k\u00f6nnen ihre unterschiedlichen Beschwerden zu mildern, wie der Ehrenbotschafter der Stadt sowie Direktor des EuropaFit Hotels L\u00e1szlo K\u00f6nnyid bei seinem sehr unterhaltsamen auf deutsch gehaltenen Vortrag berichten konnte.<\/p>\n<p>Der Vormittag wurde erg\u00e4nzt durch eine Pr\u00e4sentation von Frau Eszter Jopp, Gesch\u00e4ftsf\u00fchrerin der FirstMed Services GmbH. Eszter Jopp betreibt seit vielen Jahren Gesundheitstourismus in Ungarn und ist in Heviz in einer erfolgreichen Zusammenarbeit mit der\u00a0<a href=\"http:\/\/www.zahnklinik-ungarn.de\/gelencser-dental.php\">Gelencs\u00e9r Zahnklinik.<\/a><\/p>\n<p>Die von PA-Touristik geladenen G\u00e4ste wurden im Anschluss mit einem leckeren Rindergulasch (P\u00f6rk\u00f6lt) verw\u00f6hnt.<\/p>\n<p>Wir freuen uns sehr \u00fcber das gro\u00dfe Interesse der rund 150 Zuh\u00f6rer, die die Veranstaltung durch ihre Fragen sehr bereichert haben.<\/p>\n<p>&nbsp;<\/p>\n","protected":false},"excerpt":{"rendered":"<p>Zu Beginn der Sommersaison fanden erneut die H\u00e9vizer Gesundheitstage statt. Veranstalter waren das ungarische Tourismusamt gemeinsam mit PA Touristik. Der beschauliche Kurort H\u00e9viz hat mit seinem Seewasser bereits vielen Menschen helfen k\u00f6nnen ihre unterschiedlichen Beschwerden zu mildern, wie der Ehrenbotschafter der Stadt sowie Direktor des EuropaFit Hotels L\u00e1szlo K\u00f6nnyid bei seinem sehr unterhaltsamen auf deutsch [&hellip;]<\/p>\n","protected":false},"author":3,"featured_media":1851,"comment_status":"open","ping_status":"closed","sticky":false,"template":"","format":"standard","meta":{"_genesis_hide_title":false,"_genesis_hide_breadcrumbs":false,"_genesis_hide_singular_image":false,"_genesis_hide_footer_widgets":false,"_genesis_custom_body_class":"","_genesis_custom_post_class":"","_genesis_layout":"","footnotes":""},"categories":[36],"tags":[71,29,10,13,50,11],"class_list":{"0":"post-1124","1":"post","2":"type-post","3":"status-publish","4":"format-standard","5":"has-post-thumbnail","7":"category-pressemitteilung","8":"tag-heviz","9":"tag-medizin","10":"tag-reisetipp","11":"tag-veranstaltung","12":"tag-zahnbehandlung","13":"tag-zahnersatz-im-ausland","14":"entry"},"_links":{"self":[{"href":"https:\/\/www.dentaltravel.ch\/blog\/wp-json\/wp\/v2\/posts\/1124","targetHints":{"allow":["GET"]}}],"collection":[{"href":"https:\/\/www.dentaltravel.ch\/blog\/wp-json\/wp\/v2\/posts"}],"about":[{"href":"https:\/\/www.dentaltravel.ch\/blog\/wp-json\/wp\/v2\/types\/post"}],"author":[{"embeddable":true,"href":"https:\/\/www.dentaltravel.ch\/blog\/wp-json\/wp\/v2\/users\/3"}],"replies":[{"embeddable":true,"href":"https:\/\/www.dentaltravel.ch\/blog\/wp-json\/wp\/v2\/comments?post=1124"}],"version-history":[{"count":0,"href":"https:\/\/www.dentaltravel.ch\/blog\/wp-json\/wp\/v2\/posts\/1124\/revisions"}],"wp:featuredmedia":[{"embeddable":true,"href":"https:\/\/www.dentaltravel.ch\/blog\/wp-json\/wp\/v2\/media\/1851"}],"wp:attachment":[{"href":"https:\/\/www.dentaltravel.ch\/blog\/wp-json\/wp\/v2\/media?parent=1124"}],"wp:term":[{"taxonomy":"category","embeddable":true,"href":"https:\/\/www.dentaltravel.ch\/blog\/wp-json\/wp\/v2\/categories?post=1124"},{"taxonomy":"post_tag","embeddable":true,"href":"https:\/\/www.dentaltravel.ch\/blog\/wp-json\/wp\/v2\/tags?post=1124"}],"curies":[{"name":"wp","href":"https:\/\/api.w.org\/{rel}","templated":true}]}}