
{"id":2230,"date":"2016-04-11T10:49:36","date_gmt":"2016-04-11T08:49:36","guid":{"rendered":"http:\/\/www.dentaltravel.ch\/blog\/?p=2230"},"modified":"2017-05-09T10:30:22","modified_gmt":"2017-05-09T08:30:22","slug":"das-budapester-fruehlingsfestival-2016","status":"publish","type":"post","link":"https:\/\/www.dentaltravel.ch\/blog\/land-und-leute\/das-budapester-fruehlingsfestival-2016.php","title":{"rendered":"Das Budapester Fr\u00fchlingsfestival 2016"},"content":{"rendered":"<p><img loading=\"lazy\" decoding=\"async\" class=\"alignright size-medium wp-image-2233\" src=\"https:\/\/www.dentaltravel.ch\/blog\/wp-content\/uploads\/fruehlingsfestival-in-budapest-2016-300x201.png\" alt=\"Fr\u00fchlingsfestival in Budapest 2016\" width=\"300\" height=\"201\" srcset=\"https:\/\/www.dentaltravel.ch\/blog\/wp-content\/uploads\/fruehlingsfestival-in-budapest-2016-300x201.png 300w, https:\/\/www.dentaltravel.ch\/blog\/wp-content\/uploads\/fruehlingsfestival-in-budapest-2016.png 320w\" sizes=\"auto, (max-width: 300px) 100vw, 300px\" \/>Genau dann, wenn die pannonische Sonne die Temperaturen in Budapest \u00fcber 20 Grad hochtreibt, startet das gr\u00f6\u00dfte Kulturfestival der ungarischen Hauptstadt \u2013 das Budapester Fr\u00fchlingsfestival!<\/p>\n<p>Vom 8. bis zum 24. April wird den G\u00e4sten ein vielf\u00e4ltiger und bunter Kultur-Mix an den besten Schaupl\u00e4tzen der Donaumetropole geboten. Somit bietet dieses Festival den idealen Anlass, sich unter der Fr\u00fchlingssonne in den zahlreichen Bars und Restaurants kulinarisch verw\u00f6hnen zu lassen und dabei musikalische Meisterwerke in architektonischer Pracht zu genie\u00dfen: Dazu geh\u00f6ren u.a. die aufwendig renovierte Liszt Musikakademie, das Opernhaus, der Palast der K\u00fcnste, das multifunktionale Veranstaltungszentrum B\u00e1lna oder die Pester Redoute mit einer atemberaubender Aussicht, direkt am Pester Donauufer gelegen. Konzerte und Events finden an \u00fcber 40 Veranstaltungsorten statt. Klassische Musik, Weltmusik und Jazz sind wichtige Bestandteile des Festivals, dazu erwarten die Besucher neben den gro\u00dfen Konzerten auch zahlreiche Opern-, Tanz- bzw. Theaterauff\u00fchrungen und Kunstausstellungen sowie Freilichtveranstaltungen.<\/p>\n<p>Ungarische K\u00fcnstler und Orchester wie die Ungarischen Philharmoniker, aber auch Weltstars wie wie Shai Wosner, Jeff Mills, Ula Sickle, Cheikh L\u00f4 beehren die B\u00fchnen der Stadt. Das Mozarteumorchester Salzburg und die Staatskapelle Weimar sind G\u00e4ste aus dem deutschen Sprachraum. Neu ist diesmal auch eine interaktive Komponente &#8211; Passanten werden auf \u00f6ffentlichen Pl\u00e4tzen mit Produktionen \u00fcberrascht und k\u00f6nnen sogar mitmachen oder mitsingen, wie z.B. bei der Promenade zur Festivaler\u00f6ffnung oder beim gemeinsamen Chorsingen am Abschlusstag. 2016 feiern wir den 135. Geburtstag von B\u00e9la Bart\u00f3k. Beim Er\u00f6ffnungskonzert wird wieder das Budapester Festivalorchester unter der Leitung von David Robertson und der Mitwirkung von Kim Kashkashian unter den K\u00fcnstlern begr\u00fc\u00dft. Teil ihres Programms wird unter anderem Bart\u00f3ks Bratschenkonzert sein.<\/p>\n<p>Eine weitere Besonderheit sind Bez\u00fcge zu China: Die Auff\u00fchrung von Puccinis Oper Turandot im Erkel-Theater verspricht ein Erlebnis der besonderen Art zu werden: bei der Vorstellung der Chinesischen Nationaloper kommen alle Darsteller, das Orchester ebenso wie der Chor, aus China &#8211; kaum eine andere Kulturveranstaltung ist so international wie das Budapester Fr\u00fchlingsfestival. Auf <a href=\"http:\/\/bsf.hu\/events\" target=\"_blank\">bsf.hu<\/a> finden Sie das komplette Programm.<\/p>\n<p>&nbsp;<\/p>\n","protected":false},"excerpt":{"rendered":"<p>Genau dann, wenn die pannonische Sonne die Temperaturen in Budapest \u00fcber 20 Grad hochtreibt, startet das gr\u00f6\u00dfte Kulturfestival der ungarischen Hauptstadt \u2013 das Budapester Fr\u00fchlingsfestival! Vom 8. bis zum 24. April wird den G\u00e4sten ein vielf\u00e4ltiger und bunter Kultur-Mix an den besten Schaupl\u00e4tzen der Donaumetropole geboten. Somit bietet dieses Festival den idealen Anlass, sich unter [&hellip;]<\/p>\n","protected":false},"author":7,"featured_media":2233,"comment_status":"open","ping_status":"closed","sticky":false,"template":"","format":"standard","meta":{"_genesis_hide_title":false,"_genesis_hide_breadcrumbs":false,"_genesis_hide_singular_image":false,"_genesis_hide_footer_widgets":false,"_genesis_custom_body_class":"","_genesis_custom_post_class":"","_genesis_layout":"","footnotes":""},"categories":[55],"tags":[8,35,10,13],"class_list":{"0":"post-2230","1":"post","2":"type-post","3":"status-publish","4":"format-standard","5":"has-post-thumbnail","7":"category-land-und-leute","8":"tag-budapest","9":"tag-event","10":"tag-reisetipp","11":"tag-veranstaltung","12":"entry"},"_links":{"self":[{"href":"https:\/\/www.dentaltravel.ch\/blog\/wp-json\/wp\/v2\/posts\/2230","targetHints":{"allow":["GET"]}}],"collection":[{"href":"https:\/\/www.dentaltravel.ch\/blog\/wp-json\/wp\/v2\/posts"}],"about":[{"href":"https:\/\/www.dentaltravel.ch\/blog\/wp-json\/wp\/v2\/types\/post"}],"author":[{"embeddable":true,"href":"https:\/\/www.dentaltravel.ch\/blog\/wp-json\/wp\/v2\/users\/7"}],"replies":[{"embeddable":true,"href":"https:\/\/www.dentaltravel.ch\/blog\/wp-json\/wp\/v2\/comments?post=2230"}],"version-history":[{"count":0,"href":"https:\/\/www.dentaltravel.ch\/blog\/wp-json\/wp\/v2\/posts\/2230\/revisions"}],"wp:featuredmedia":[{"embeddable":true,"href":"https:\/\/www.dentaltravel.ch\/blog\/wp-json\/wp\/v2\/media\/2233"}],"wp:attachment":[{"href":"https:\/\/www.dentaltravel.ch\/blog\/wp-json\/wp\/v2\/media?parent=2230"}],"wp:term":[{"taxonomy":"category","embeddable":true,"href":"https:\/\/www.dentaltravel.ch\/blog\/wp-json\/wp\/v2\/categories?post=2230"},{"taxonomy":"post_tag","embeddable":true,"href":"https:\/\/www.dentaltravel.ch\/blog\/wp-json\/wp\/v2\/tags?post=2230"}],"curies":[{"name":"wp","href":"https:\/\/api.w.org\/{rel}","templated":true}]}}