
{"id":2355,"date":"2016-10-06T09:48:22","date_gmt":"2016-10-06T07:48:22","guid":{"rendered":"https:\/\/www.dentaltravel.ch\/blog\/?p=2355"},"modified":"2016-11-09T11:31:04","modified_gmt":"2016-11-09T09:31:04","slug":"staffeluebergabe-dr-raths-geht-dr-toth-uebernimmt","status":"publish","type":"post","link":"https:\/\/www.dentaltravel.ch\/blog\/news\/staffeluebergabe-dr-raths-geht-dr-toth-uebernimmt.php","title":{"rendered":"Staffel\u00fcbergabe: Dr. Raths geht, Dr. Toth \u00fcbernimmt"},"content":{"rendered":"<p><img loading=\"lazy\" decoding=\"async\" class=\"alignleft wp-image-2359 size-medium\" src=\"https:\/\/www.dentaltravel.ch\/blog\/wp-content\/uploads\/dr_raths-217x300.jpg\" alt=\"Dr. Andreas Raths\" width=\"217\" height=\"300\" srcset=\"https:\/\/www.dentaltravel.ch\/blog\/wp-content\/uploads\/dr_raths-217x300.jpg 217w, https:\/\/www.dentaltravel.ch\/blog\/wp-content\/uploads\/dr_raths.jpg 369w\" sizes=\"auto, (max-width: 217px) 100vw, 217px\" \/>Nach mehr als acht Jahren verl\u00e4sst Dr. Andreas Raths unsere Budapester Zahnklinik CosmoDent. Der 62-J\u00e4hrige promovierte Zahnmediziner verabschiedet sich aus dem aktiven Berufsleben, weil er mehr Zeit mit seiner Familie verbringen m\u00f6chte. \u201eWir bedauern den Weggang von Andreas sehr, verstehen aber nat\u00fcrlich seine Entscheidung und danken ihm f\u00fcr die jahrelange tolle Zusammenarbeit und sein pers\u00f6nliches Engagement f\u00fcr unsere Zahnklinik\u201c, erkl\u00e4rt Dr. Zoltan Ovari, Chefarzt von CosmoDent und erg\u00e4nzt: \u201eselbstverst\u00e4ndlich haben wir rechtzeitig vorgesorgt und einen neuen kompetenten Kollegen ins Team geholt, der sehr einf\u00fchlsam ist und beispielsweise die Angstpatienten von Dr. Raths \u00fcbernehmen kann.\u201c Ebenso wie Dr. Andreas Raths ist auch Dr. med. dent. Peter Toth auf Angstpatienten spezialisiert. Dr. Toth arbeitet bereits seit \u00fcber einem Jahr bei CosmoDent in Budapest und behandelt dort regelm\u00e4\u00dfig Patienten von Dental Travel.<\/p>\n<p><strong>Der Neue: Dr. Peter Toth <\/strong><\/p>\n<p><img loading=\"lazy\" decoding=\"async\" class=\"alignleft wp-image-2361 size-medium\" src=\"https:\/\/www.dentaltravel.ch\/blog\/wp-content\/uploads\/dr-toth-211x300.jpg\" alt=\"Dr. Peter Toth\" width=\"211\" height=\"300\" srcset=\"https:\/\/www.dentaltravel.ch\/blog\/wp-content\/uploads\/dr-toth-211x300.jpg 211w, https:\/\/www.dentaltravel.ch\/blog\/wp-content\/uploads\/dr-toth.jpg 369w\" sizes=\"auto, (max-width: 211px) 100vw, 211px\" \/>Der geb\u00fcrtige Bonner Dr. Peter Toth ist 33 Jahre alt und lebte bis zu seinem Abitur in Bayern. Danach studierte er Zahnmedizin an der renommierten Semmelweis Universit\u00e4t in Budapest und absolvierte dort auch seine Fachzahnarztausbildung f\u00fcr Parodontologie. Im Anschluss an seine Promotion wechselte er als Assistenzarzt an die Universit\u00e4tszahnklinik in Wien. Zus\u00e4tzlich praktizierte Dr. Toth von 2009 &#8211; 2014 in einer Privatpraxis in \u00d6sterreich und Ungarn. Seine Fachgebiete sind die Parodontologie, Implantologie und Oralchirurgie.<\/p>\n<p>M\u00f6chten Sie mehr \u00fcber Dr. Peter Toth und das komplette \u00c4rzteteam von CosmoDent erfahren? Kein Problem, ein Klick und schon sind Sie auf unserer Website unter <a href=\"https:\/\/www.dentaltravel.ch\/cosmodent.php\">DentalTravel.ch<\/a>. Dort stellen wir Ihnen unsere Budapester Zahn\u00e4rzte sowie deren Fachgebiete vor.<\/p>\n","protected":false},"excerpt":{"rendered":"<p>Nach mehr als acht Jahren verl\u00e4sst Dr. Andreas Raths unsere Budapester Zahnklinik CosmoDent. Der 62-J\u00e4hrige promovierte Zahnmediziner verabschiedet sich aus dem aktiven Berufsleben, weil er mehr Zeit mit seiner Familie verbringen m\u00f6chte. \u201eWir bedauern den Weggang von Andreas sehr, verstehen aber nat\u00fcrlich seine Entscheidung und danken ihm f\u00fcr die jahrelange tolle Zusammenarbeit und sein pers\u00f6nliches [&hellip;]<\/p>\n","protected":false},"author":7,"featured_media":2367,"comment_status":"open","ping_status":"closed","sticky":false,"template":"","format":"standard","meta":{"_genesis_hide_title":false,"_genesis_hide_breadcrumbs":false,"_genesis_hide_singular_image":false,"_genesis_hide_footer_widgets":false,"_genesis_custom_body_class":"","_genesis_custom_post_class":"","_genesis_layout":"","footnotes":""},"categories":[1],"tags":[86,50,96,76,100],"class_list":{"0":"post-2355","1":"post","2":"type-post","3":"status-publish","4":"format-standard","5":"has-post-thumbnail","7":"category-news","8":"tag-cosmodent","9":"tag-zahnbehandlung","10":"tag-zahnbehandlung-im-ausland","11":"tag-zahnklinik","12":"tag-zahnmedizin","13":"entry"},"_links":{"self":[{"href":"https:\/\/www.dentaltravel.ch\/blog\/wp-json\/wp\/v2\/posts\/2355","targetHints":{"allow":["GET"]}}],"collection":[{"href":"https:\/\/www.dentaltravel.ch\/blog\/wp-json\/wp\/v2\/posts"}],"about":[{"href":"https:\/\/www.dentaltravel.ch\/blog\/wp-json\/wp\/v2\/types\/post"}],"author":[{"embeddable":true,"href":"https:\/\/www.dentaltravel.ch\/blog\/wp-json\/wp\/v2\/users\/7"}],"replies":[{"embeddable":true,"href":"https:\/\/www.dentaltravel.ch\/blog\/wp-json\/wp\/v2\/comments?post=2355"}],"version-history":[{"count":0,"href":"https:\/\/www.dentaltravel.ch\/blog\/wp-json\/wp\/v2\/posts\/2355\/revisions"}],"wp:featuredmedia":[{"embeddable":true,"href":"https:\/\/www.dentaltravel.ch\/blog\/wp-json\/wp\/v2\/media\/2367"}],"wp:attachment":[{"href":"https:\/\/www.dentaltravel.ch\/blog\/wp-json\/wp\/v2\/media?parent=2355"}],"wp:term":[{"taxonomy":"category","embeddable":true,"href":"https:\/\/www.dentaltravel.ch\/blog\/wp-json\/wp\/v2\/categories?post=2355"},{"taxonomy":"post_tag","embeddable":true,"href":"https:\/\/www.dentaltravel.ch\/blog\/wp-json\/wp\/v2\/tags?post=2355"}],"curies":[{"name":"wp","href":"https:\/\/api.w.org\/{rel}","templated":true}]}}