
{"id":2501,"date":"2017-05-29T11:35:35","date_gmt":"2017-05-29T09:35:35","guid":{"rendered":"https:\/\/www.dentaltravel.ch\/blog\/?p=2501"},"modified":"2017-05-29T11:36:15","modified_gmt":"2017-05-29T09:36:15","slug":"werden-schlechte-zaehne-tatsaechlich-vererbt","status":"publish","type":"post","link":"https:\/\/www.dentaltravel.ch\/blog\/news\/werden-schlechte-zaehne-tatsaechlich-vererbt.php","title":{"rendered":"Werden schlechte Z\u00e4hne tats\u00e4chlich vererbt?"},"content":{"rendered":"<p>Es ist doch wirklich erstaunlich, wie sich manche Mythen \u00fcber Jahre hinweg hartn\u00e4ckig halten. So kommen beispielsweise immer wieder Patienten in unsere Zahnkliniken in Ungarn oder Untersuchungszentren in der Schweiz, die glauben, sie h\u00e4tten ihre schlechten Z\u00e4hne geerbt und seien daf\u00fcr nicht selbst verantwortlich. Stimmt das? Sind schlechte Z\u00e4hne tats\u00e4chlich vererbbar? Zeit, sich mit den Mythen zur Mundgesundheit zu besch\u00e4ftigen. Dental Travel kl\u00e4rt Sie jetzt auf.<\/p>\n<p><strong>Mythos Nr. 1: Schlechte Z\u00e4hne werden vererbt<\/strong><\/p>\n<p><img loading=\"lazy\" decoding=\"async\" class=\"alignright size-full wp-image-2507\" src=\"https:\/\/www.dentaltravel.ch\/blog\/wp-content\/uploads\/vater-tochter-gesunde-zaehne.jpg\" alt=\"Gesunde Z\u00e4hne: Vater und Tochter\" width=\"360\" height=\"240\" srcset=\"https:\/\/www.dentaltravel.ch\/blog\/wp-content\/uploads\/vater-tochter-gesunde-zaehne.jpg 360w, https:\/\/www.dentaltravel.ch\/blog\/wp-content\/uploads\/vater-tochter-gesunde-zaehne-300x200.jpg 300w\" sizes=\"auto, (max-width: 360px) 100vw, 360px\" \/>Jeder ist f\u00fcr seine Mundgesundheit selbst verantwortlich und hat einen erheblichen Einfluss auf sie. Entscheidend sind das Verhalten, also die Zahnpflege aber auch die Essgewohnheiten. Wer viel Zucker isst und seine Z\u00e4hne nicht regelm\u00e4\u00dfig putzt, der bekommt ziemlich sicher Karies. Das hei\u00dft, zuckerreiche Nahrung in Kombination mit mangelnder Mundhygiene wird zwar in Familien weitergegeben, weil sich die Kinder nat\u00fcrlich die schlechten Gewohnheiten ihrer Eltern abschauen. Per se gibt es aber keine Familien, in denen schlechte Zahnhartsubstanz von Generation zu Generation vererbt wird. Es ist also eindeutig ein Mythos. Schlechte Z\u00e4hne werden nicht vererbt!<\/p>\n<p><strong>Mythos Nr. 2: Speichel von Eltern \u00fcbertr\u00e4gt Karies auf die Kinder<\/strong><\/p>\n<p>D\u00fcrfen Sie den Schnuller oder L\u00f6ffel Ihres Kindes ablecken? Oder \u00fcbertragen sich dann b\u00f6sartige Kariesbakterien auf Ihr Kind wie vielfach behauptet wird? Mal Hand aufs Herz, die Keim\u00fcbertragung findet so oder so statt, sonst d\u00fcrften Sie als Eltern ihre Kinder ja nicht einmal mehr k\u00fcssen. Das ist Unfug. Vielmehr werden Keime erst gef\u00e4hrlich f\u00fcr die Z\u00e4hne, wenn viel Zucker konsumiert wird. Die Keime sind also nicht das prim\u00e4re Problem, sondern der Zucker, den bestimmte kariogene Keime zu gef\u00e4hrlichen S\u00e4uren umwandeln k\u00f6nnen. Auch hier handelt es sich also um einen Mythos. Der Speichel der Eltern ist also nicht verantwortlich f\u00fcr den Zustand der Kinderz\u00e4hne.<\/p>\n<p><strong>Mythos Nr. 3: Kinder ben\u00f6tigen Vitamin-D-Tabletten mit Fluorid <\/strong><\/p>\n<p>Aus zahnmedizinischer Sicht sind Vitamin-D-Tabletten mit Fluorid f\u00fcr die Zahngesundheit v\u00f6llig unn\u00f6tig. Wer bei seinem Kind ab dem ersten Zahn mit einer fluoridierten Zahnpasta putzt, ist auf jeden Fall auf der sicheren Seite. Bis zum zweiten Geburtstag sollten Sie die Milchz\u00e4hne Ihres Kindes einmal am Tag mit einer sehr kleinen Portion Zahncreme reinigen. Ab dem zweiten Geburtstag bitte dann aber zweimal am Tag, also morgens und abends die Z\u00e4hne putzen. Mit dem 6. Geburtstag sollte dann eine Zahnpasta mit Fluoridgehalt f\u00fcr Erwachsene verwendet werden. Wer so vorgeht, minimiert die Gefahr einer Fluorose, also einer wei\u00dflich aussehenden Ver\u00e4nderung im Zahnschmelz aufgrund einer zu hohen Zufuhr von Fluoriden durch Verschlucken. Wir von Dental Travel meinen: Es sollte von Beginn an lieber gleich die richtige Zahnpflege im Mittelpunkt stehen, statt eine Pr\u00e4vention mit Tabletten.<\/p>\n<p><strong>Mythos Nr. 4: Elektrische Zahnb\u00fcrsten putzen besser als Handzahnb\u00fcrsten<\/strong><\/p>\n<p>Putzen elektrische Zahnb\u00fcrsten tats\u00e4chlich gr\u00fcndlicher als Handzahnb\u00fcrsten? Das Einzige, was eine elektrische Zahnb\u00fcrste anders macht, ist, dass sie Ihnen das R\u00fctteln abnimmt. Daf\u00fcr ist aber der B\u00fcrstenkopf deutlich kleiner. So brauchen Sie eigentlich l\u00e4nger, um alle Stellen zu erreichen. Ansonsten ist es eine reine Geschmacks- oder auch Kostenfrage. Das Putzen mit einer elektrischen Zahnb\u00fcrste kostet im Jahr immerhin bis zu 100 Euro mehr als das herk\u00f6mmliche Putzen mit einer Handzahnb\u00fcrste. Manchmal spielt allerdings auch die Geschicklichkeit eine Rolle. Als Gesamtfazit kann man sagen, das das Z\u00e4hneputzen mit einer elektrischen Zahnb\u00fcrste zwar f\u00fcr viele Menschen als deutlich bequemer empfunden wird als mit einer Handzahnb\u00fcrste, das Putzergebnis ist aber nicht unbedingt besser.<\/p>\n<p>Falls Sie weitere Mythen kennen und sich unsicher sind, ob diese wirklich stimmen, wenden Sie sich gern an unser Team von Dental Travel. Wir beantworten Ihnen gern alle Ihre Fragen rund um Ihre Zahngesundheit. Rufen Sie uns bitte an oder schicken uns eine Mail. Wir freuen uns auf Ihre Kontaktaufnahme!<\/p>\n<span class='mb-center maxbutton-1-center'><span class='maxbutton-1-container mb-container'><a class=\"maxbutton-1 maxbutton maxbutton-kontaktbutton\" rel=\"nofollow noopener\" href=\"https:\/\/www.dentaltravel.ch\/kontakt.php\"><span class='mb-text'>Zum Kontaktformular<\/span><\/a><\/span><\/span>\n<p>&nbsp;<\/p>\n<p>&nbsp;<\/p>\n","protected":false},"excerpt":{"rendered":"<p>Es ist doch wirklich erstaunlich, wie sich manche Mythen \u00fcber Jahre hinweg hartn\u00e4ckig halten. So kommen beispielsweise immer wieder Patienten in unsere Zahnkliniken in Ungarn oder Untersuchungszentren in der Schweiz, die glauben, sie h\u00e4tten ihre schlechten Z\u00e4hne geerbt und seien daf\u00fcr nicht selbst verantwortlich. Stimmt das? Sind schlechte Z\u00e4hne tats\u00e4chlich vererbbar? Zeit, sich mit den [&hellip;]<\/p>\n","protected":false},"author":7,"featured_media":2506,"comment_status":"open","ping_status":"closed","sticky":false,"template":"","format":"standard","meta":{"_genesis_hide_title":false,"_genesis_hide_breadcrumbs":false,"_genesis_hide_singular_image":false,"_genesis_hide_footer_widgets":false,"_genesis_custom_body_class":"","_genesis_custom_post_class":"","_genesis_layout":"","footnotes":""},"categories":[1],"tags":[31,81,50,99],"class_list":{"0":"post-2501","1":"post","2":"type-post","3":"status-publish","4":"format-standard","5":"has-post-thumbnail","7":"category-news","8":"tag-mundhygiene","9":"tag-zahnaesthetik","10":"tag-zahnbehandlung","11":"tag-zahngesundheit","12":"entry"},"_links":{"self":[{"href":"https:\/\/www.dentaltravel.ch\/blog\/wp-json\/wp\/v2\/posts\/2501","targetHints":{"allow":["GET"]}}],"collection":[{"href":"https:\/\/www.dentaltravel.ch\/blog\/wp-json\/wp\/v2\/posts"}],"about":[{"href":"https:\/\/www.dentaltravel.ch\/blog\/wp-json\/wp\/v2\/types\/post"}],"author":[{"embeddable":true,"href":"https:\/\/www.dentaltravel.ch\/blog\/wp-json\/wp\/v2\/users\/7"}],"replies":[{"embeddable":true,"href":"https:\/\/www.dentaltravel.ch\/blog\/wp-json\/wp\/v2\/comments?post=2501"}],"version-history":[{"count":0,"href":"https:\/\/www.dentaltravel.ch\/blog\/wp-json\/wp\/v2\/posts\/2501\/revisions"}],"wp:featuredmedia":[{"embeddable":true,"href":"https:\/\/www.dentaltravel.ch\/blog\/wp-json\/wp\/v2\/media\/2506"}],"wp:attachment":[{"href":"https:\/\/www.dentaltravel.ch\/blog\/wp-json\/wp\/v2\/media?parent=2501"}],"wp:term":[{"taxonomy":"category","embeddable":true,"href":"https:\/\/www.dentaltravel.ch\/blog\/wp-json\/wp\/v2\/categories?post=2501"},{"taxonomy":"post_tag","embeddable":true,"href":"https:\/\/www.dentaltravel.ch\/blog\/wp-json\/wp\/v2\/tags?post=2501"}],"curies":[{"name":"wp","href":"https:\/\/api.w.org\/{rel}","templated":true}]}}