
{"id":2979,"date":"2020-09-10T14:49:20","date_gmt":"2020-09-10T12:49:20","guid":{"rendered":"https:\/\/www.dentaltravel.ch\/blog\/?p=2979"},"modified":"2020-09-10T14:51:42","modified_gmt":"2020-09-10T12:51:42","slug":"zahnbehandlungen-in-ungarn-im-september","status":"publish","type":"post","link":"https:\/\/www.dentaltravel.ch\/blog\/news\/zahnbehandlungen-in-ungarn-im-september.php","title":{"rendered":"Zahnbehandlungen in Ungarn im September"},"content":{"rendered":"<p>Wie Sie sicher aus den Medien erfahren und auf unserer Website gelesen haben, sind die ungarischen Grenzen seit dem<strong> 1. September<\/strong> (bis 1. Oktober) f\u00fcr ausl\u00e4ndische Touristen geschlossen. Seither gibt es nahezu t\u00e4glich \u00c4nderungen die Auflagen und Ausnahmen betreffend sowie jede Menge Flug- und Bahnausf\u00e4lle. Wir beobachten die Lage in Ungarn sehr genau und sind im st\u00e4ndigen Austausch mit unseren Mitarbeitern und den Beh\u00f6rden vor Ort. Sobald wir neue, wichtige Informationen erhalten, senden wir diese per E-Mail an unsere Patienten. Auch unsere Website wird dann umgehend aktualisiert. So stellen wir sicher, dass unsere Patienten und Interessenten stets auf dem neuesten Stand sind.<\/p>\n<p><strong>Aktuelle Regelung f\u00fcr Medizintouristen:<\/strong> (Stand 10.09.20)<\/p>\n<p>Patienten, die zur medizinischen Behandlung nach Ungarn reisen m\u00f6chten, ben\u00f6tigen aktuell eine Sondergenehmigung. Alle Einreisenden sind dar\u00fcber hinaus zu 14-t\u00e4giger Hausisolation verpflichtet.<br \/>\nAus der Quarant\u00e4ne kann nur entlassen werden, wer <strong>zwei negative PCR-Tests<\/strong> ungarischer lizensierter Labore vorlegt, die <strong>innerhalb von f\u00fcnf Tagen mit einem Zeitunterschied von mindestens 48 Stunden<\/strong> vorgenommen wurden. Das negative Ergebnis eines vor der Einreise erfolgten ersten negativen PCR-Tests wird ber\u00fccksichtigt, wenn dieser von einem Labor im Schengen-Gebiet durchgef\u00fchrt wurde und das negative Testergebnis in englischer oder ungarischer Sprache vorgelegt wird. Der zweite Test muss in Ungarn stattfinden.<\/p>\n<p><strong>Ausnahme:<\/strong> Wer in den letzten sechs Monaten nachweislich an Covid-19 erkrankt war, kann ohne Auflagen nach Ungarn einreisen. Trifft dies auf Sie zu? Dann kann Ihre Zahnbehandlung in Ungarn unverz\u00fcglich stattfinden. Bitte weisen Sie uns bei Ihrer Anfrage oder Buchung unbedingt darauf hin.<\/p>\n<p><strong><img loading=\"lazy\" decoding=\"async\" class=\"alignnone size-medium wp-image-2981\" src=\"https:\/\/www.dentaltravel.ch\/blog\/wp-content\/uploads\/IMG_4458-2_ejopp2020-300x233.jpg\" alt=\"\" width=\"300\" height=\"233\" srcset=\"https:\/\/www.dentaltravel.ch\/blog\/wp-content\/uploads\/IMG_4458-2_ejopp2020-300x233.jpg 300w, https:\/\/www.dentaltravel.ch\/blog\/wp-content\/uploads\/IMG_4458-2_ejopp2020-768x598.jpg 768w, https:\/\/www.dentaltravel.ch\/blog\/wp-content\/uploads\/IMG_4458-2_ejopp2020-1024x797.jpg 1024w, https:\/\/www.dentaltravel.ch\/blog\/wp-content\/uploads\/IMG_4458-2_ejopp2020.jpg 1978w\" sizes=\"auto, (max-width: 300px) 100vw, 300px\" \/><\/strong><\/p>\n<p><strong>Zahnbehandlung im September nicht empfohlen \u2013 Oktober buchbar!<\/strong><\/p>\n<p>\u201eDie aktuelle Einreiseregelung gilt voraussichtlich bis zum 1. Oktober, kann jedoch jederzeit wieder ge\u00e4ndert werden, so wie es in der vergangenen Woche bereits mehrfach der Fall war. Unter diesen Umst\u00e4nden k\u00f6nnen wir unseren Patienten nicht l\u00e4nger guten Gewissens eine Zahnbehandlung im September in Ungarn empfehlen. Wir tun nat\u00fcrlich alles, was in unserer Macht steht, um unseren Patienten in diesen schwierigen Zeiten zu helfen.\u00a0So bieten wir mittlerweile auch Vergleichsofferten f\u00fcr oder eine Vorbehandlung in Deutschland an.\u00a0Auch f\u00fcr Notf\u00e4lle und zur Kontrolle steht unser \u00c4rzte-Netzwerk jederzeit bereit.<\/p>\n<p>Ansonsten nehmen wir aktuell nur Terminw\u00fcnsche ab Oktober f\u00fcr eine Zahnbehandlung in Ungarn entgegen. Sobald die offizielle Reiseregelung Anfang Oktober in Kraft getreten ist, best\u00e4tigen wir diese Terminw\u00fcnsche umgehend. Sehr gern reservieren wir unseren Patienten auch bereits jetzt ihre gew\u00fcnschte Unterkunft in Ungarn. Flug- und Zugbuchungen sind jedoch erst wieder ab Oktober m\u00f6glich\u201c, erkl\u00e4rt Eszter Jopp, Gr\u00fcnderin und Gesch\u00e4ftsf\u00fchrerin von Dental Travel und bittet ihre Patienten und Interessenten um Verst\u00e4ndnis f\u00fcr dieses Vorgehen.<\/p>\n<p><strong>Zahnbehandlung in Ungarn im September gew\u00fcnscht?<\/strong><\/p>\n<p>Sollten Sie trotz der aktuellen Quarant\u00e4ne-Vorschriften nach Ungarn reisen wollen, organisieren wir gern Ihre komplette Reise und k\u00fcmmern uns um Ihre Tests vor Ort in Ungarn sowie die erforderliche Sondergenehmigung. Wir empfehlen Ihnen dann allerdings eine Anreise mit dem PKW, da es aktuell regelm\u00e4ssig zu Flug- und Zugausf\u00e4llen kommt.<\/p>\n<p><strong>F\u00fcr Ihren Terminwunsch in Ungarn oder Deutschland bzw. eine Offerte <\/strong>nehmen Sie am besten noch heute Kontakt zu unserem Expertenteam auf. Wir freuen uns auf Ihre Anfrage!<\/p>\n<span class='mb-center maxbutton-1-center'><span class='maxbutton-1-container mb-container'><a class=\"maxbutton-1 maxbutton maxbutton-kontaktbutton\" rel=\"nofollow noopener\" href=\"https:\/\/www.dentaltravel.ch\/kontakt.php\"><span class='mb-text'>Zum Kontaktformular<\/span><\/a><\/span><\/span>\n","protected":false},"excerpt":{"rendered":"<p>Wie Sie sicher aus den Medien erfahren und auf unserer Website gelesen haben, sind die ungarischen Grenzen seit dem 1. September (bis 1. Oktober) f\u00fcr ausl\u00e4ndische Touristen geschlossen. Seither gibt es nahezu t\u00e4glich \u00c4nderungen die Auflagen und Ausnahmen betreffend sowie jede Menge Flug- und Bahnausf\u00e4lle. Wir beobachten die Lage in Ungarn sehr genau und sind [&hellip;]<\/p>\n","protected":false},"author":11,"featured_media":2980,"comment_status":"open","ping_status":"closed","sticky":false,"template":"","format":"standard","meta":{"_genesis_hide_title":false,"_genesis_hide_breadcrumbs":false,"_genesis_hide_singular_image":false,"_genesis_hide_footer_widgets":false,"_genesis_custom_body_class":"","_genesis_custom_post_class":"","_genesis_layout":"","footnotes":""},"categories":[5,1],"tags":[85,15,50,75,110,76,52],"class_list":{"0":"post-2979","1":"post","2":"type-post","3":"status-publish","4":"format-standard","5":"has-post-thumbnail","7":"category-fachinterviews","8":"category-news","9":"tag-medizintourismus","10":"tag-ungarn","11":"tag-zahnbehandlung","12":"tag-zahnbehandlung-in-ungarn","13":"tag-zahnbehandlungen-in-ungarn","14":"tag-zahnklinik","15":"tag-zahnreisen","16":"entry"},"_links":{"self":[{"href":"https:\/\/www.dentaltravel.ch\/blog\/wp-json\/wp\/v2\/posts\/2979","targetHints":{"allow":["GET"]}}],"collection":[{"href":"https:\/\/www.dentaltravel.ch\/blog\/wp-json\/wp\/v2\/posts"}],"about":[{"href":"https:\/\/www.dentaltravel.ch\/blog\/wp-json\/wp\/v2\/types\/post"}],"author":[{"embeddable":true,"href":"https:\/\/www.dentaltravel.ch\/blog\/wp-json\/wp\/v2\/users\/11"}],"replies":[{"embeddable":true,"href":"https:\/\/www.dentaltravel.ch\/blog\/wp-json\/wp\/v2\/comments?post=2979"}],"version-history":[{"count":0,"href":"https:\/\/www.dentaltravel.ch\/blog\/wp-json\/wp\/v2\/posts\/2979\/revisions"}],"wp:featuredmedia":[{"embeddable":true,"href":"https:\/\/www.dentaltravel.ch\/blog\/wp-json\/wp\/v2\/media\/2980"}],"wp:attachment":[{"href":"https:\/\/www.dentaltravel.ch\/blog\/wp-json\/wp\/v2\/media?parent=2979"}],"wp:term":[{"taxonomy":"category","embeddable":true,"href":"https:\/\/www.dentaltravel.ch\/blog\/wp-json\/wp\/v2\/categories?post=2979"},{"taxonomy":"post_tag","embeddable":true,"href":"https:\/\/www.dentaltravel.ch\/blog\/wp-json\/wp\/v2\/tags?post=2979"}],"curies":[{"name":"wp","href":"https:\/\/api.w.org\/{rel}","templated":true}]}}