
{"id":3045,"date":"2020-12-05T00:01:56","date_gmt":"2020-12-04T22:01:56","guid":{"rendered":"https:\/\/www.dentaltravel.ch\/blog\/?p=3045"},"modified":"2020-12-06T18:14:04","modified_gmt":"2020-12-06T16:14:04","slug":"adventskalender-tag-5","status":"publish","type":"post","link":"https:\/\/www.dentaltravel.ch\/blog\/news\/adventskalender-tag-5.php","title":{"rendered":"Adventskalender Dental Travel &#8211; Tag 5"},"content":{"rendered":"<p><strong><img loading=\"lazy\" decoding=\"async\" class=\"alignnone wp-image-3050\" src=\"https:\/\/www.dentaltravel.ch\/blog\/wp-content\/uploads\/DT-5-Alex-Fensterdeko-300x225.jpg\" alt=\"\" width=\"499\" height=\"374\" srcset=\"https:\/\/www.dentaltravel.ch\/blog\/wp-content\/uploads\/DT-5-Alex-Fensterdeko-300x225.jpg 300w, https:\/\/www.dentaltravel.ch\/blog\/wp-content\/uploads\/DT-5-Alex-Fensterdeko-768x576.jpg 768w, https:\/\/www.dentaltravel.ch\/blog\/wp-content\/uploads\/DT-5-Alex-Fensterdeko.jpg 800w\" sizes=\"auto, (max-width: 499px) 100vw, 499px\" \/><\/strong><\/p>\n<p><strong>5. Dezember 2020 \u2013 Tag 5<\/strong><\/p>\n<p>Hinter dem f\u00fcnften T\u00fcrchen unseres Dental Travel Adventskalenders steckt eine Bastelidee von Alexandra Beck. Sie ist bei uns schon viele Jahre im Expertenteam t\u00e4tig und Ansprechpartnerin f\u00fcr alle Fragen rund um Ihre kosteng\u00fcnstige Zahnbehandlung in Ungarn.<\/p>\n<p>\u201eHier schicke ich f\u00fcr den Adventskalender meinen Lieblingsvorschlag zur Dekoration f\u00fcr die Vorweihnachtszeit: Fensterbilder zum selber machen. Wir machen das jedes Jahr gerne, es ist einfach und bringt eine weihnachtliche Winterstimmung ins Haus! Tolle Vorlagen gibt es im Internet: XXL Vorlagen f\u00fcr Fensterbilder \u2013 gem\u00fctlichere Weihnachtszeiten Bine Br\u00e4ndle, auch auf Amazon bestellbar.<\/p>\n<p>Viel Spass beim Basteln und sch\u00f6ne Weihnachten w\u00fcnscht Ihnen<\/p>\n<p>Alex Beck!\u201c<\/p>\n","protected":false},"excerpt":{"rendered":"<p>5. Dezember 2020 \u2013 Tag 5 Hinter dem f\u00fcnften T\u00fcrchen unseres Dental Travel Adventskalenders steckt eine Bastelidee von Alexandra Beck. Sie ist bei uns schon viele Jahre im Expertenteam t\u00e4tig und Ansprechpartnerin f\u00fcr alle Fragen rund um Ihre kosteng\u00fcnstige Zahnbehandlung in Ungarn. \u201eHier schicke ich f\u00fcr den Adventskalender meinen Lieblingsvorschlag zur Dekoration f\u00fcr die Vorweihnachtszeit: [&hellip;]<\/p>\n","protected":false},"author":11,"featured_media":3084,"comment_status":"open","ping_status":"closed","sticky":false,"template":"","format":"standard","meta":{"_genesis_hide_title":false,"_genesis_hide_breadcrumbs":false,"_genesis_hide_singular_image":false,"_genesis_hide_footer_widgets":false,"_genesis_custom_body_class":"","_genesis_custom_post_class":"","_genesis_layout":"","footnotes":""},"categories":[1],"tags":[124,125,50,75,110,11],"class_list":{"0":"post-3045","1":"post","2":"type-post","3":"status-publish","4":"format-standard","5":"has-post-thumbnail","7":"category-news","8":"tag-adventskalender","9":"tag-expertenteam","10":"tag-zahnbehandlung","11":"tag-zahnbehandlung-in-ungarn","12":"tag-zahnbehandlungen-in-ungarn","13":"tag-zahnersatz-im-ausland","14":"entry"},"_links":{"self":[{"href":"https:\/\/www.dentaltravel.ch\/blog\/wp-json\/wp\/v2\/posts\/3045","targetHints":{"allow":["GET"]}}],"collection":[{"href":"https:\/\/www.dentaltravel.ch\/blog\/wp-json\/wp\/v2\/posts"}],"about":[{"href":"https:\/\/www.dentaltravel.ch\/blog\/wp-json\/wp\/v2\/types\/post"}],"author":[{"embeddable":true,"href":"https:\/\/www.dentaltravel.ch\/blog\/wp-json\/wp\/v2\/users\/11"}],"replies":[{"embeddable":true,"href":"https:\/\/www.dentaltravel.ch\/blog\/wp-json\/wp\/v2\/comments?post=3045"}],"version-history":[{"count":0,"href":"https:\/\/www.dentaltravel.ch\/blog\/wp-json\/wp\/v2\/posts\/3045\/revisions"}],"wp:featuredmedia":[{"embeddable":true,"href":"https:\/\/www.dentaltravel.ch\/blog\/wp-json\/wp\/v2\/media\/3084"}],"wp:attachment":[{"href":"https:\/\/www.dentaltravel.ch\/blog\/wp-json\/wp\/v2\/media?parent=3045"}],"wp:term":[{"taxonomy":"category","embeddable":true,"href":"https:\/\/www.dentaltravel.ch\/blog\/wp-json\/wp\/v2\/categories?post=3045"},{"taxonomy":"post_tag","embeddable":true,"href":"https:\/\/www.dentaltravel.ch\/blog\/wp-json\/wp\/v2\/tags?post=3045"}],"curies":[{"name":"wp","href":"https:\/\/api.w.org\/{rel}","templated":true}]}}