
{"id":3067,"date":"2020-12-08T00:01:59","date_gmt":"2020-12-07T22:01:59","guid":{"rendered":"https:\/\/www.dentaltravel.ch\/blog\/?p=3067"},"modified":"2020-12-08T12:47:47","modified_gmt":"2020-12-08T10:47:47","slug":"adventskalender-tag-8","status":"publish","type":"post","link":"https:\/\/www.dentaltravel.ch\/blog\/news\/adventskalender-tag-8.php","title":{"rendered":"Adventskalender Dental Travel &#8211; Tag 8"},"content":{"rendered":"<p><strong><img loading=\"lazy\" decoding=\"async\" class=\"alignnone wp-image-3071\" src=\"https:\/\/www.dentaltravel.ch\/blog\/wp-content\/uploads\/DT-8-Zsuzsi-Kaesekese-300x225.jpg\" alt=\"\" width=\"494\" height=\"371\" srcset=\"https:\/\/www.dentaltravel.ch\/blog\/wp-content\/uploads\/DT-8-Zsuzsi-Kaesekese-300x225.jpg 300w, https:\/\/www.dentaltravel.ch\/blog\/wp-content\/uploads\/DT-8-Zsuzsi-Kaesekese-768x576.jpg 768w, https:\/\/www.dentaltravel.ch\/blog\/wp-content\/uploads\/DT-8-Zsuzsi-Kaesekese.jpg 800w\" sizes=\"auto, (max-width: 494px) 100vw, 494px\" \/><\/strong><\/p>\n<p><strong>8. Dezember 2020 \u2013 Tag 8<\/strong><\/p>\n<p>Heute verbirgt sich hinter dem achten T\u00fcrchen unseres Dental Travel Adventskalenders ein leckeres Rezept von unserer Kollegin Zsuzsi K\u00fcrthi. Sie arbeitet im Expertenteam von Dental Travel. Das Expertenteam beantwortet alle Fragen rund um Ihre Zahnbehandlung in Ungarn und stimmt die Termine mit Ihnen und unseren Zahn\u00e4rzten in Ungarn ab.<\/p>\n<p>KEKSE MIT WALNUSS UND K\u00c4SE<\/p>\n<p>\u201eDas Rezept habe ich in einer siebenb\u00fcrgischen Kochzeitschrift gefunden und nachgebacken. Das Originalrezept war mit Emmentaler K\u00e4se, das fanden wir ein bisschen langweilig, so habe ich es mit ger\u00e4uchertem K\u00e4se versucht und seitdem ist ein Hit in meinem Familien- und Freundeskreis geworden.<\/p>\n<p>Zutaten: 200g Mehl, 150g Butter, 200g geriebener K\u00e4se (ger\u00e4uchert), 100g gemahlene Waln\u00fcsse, 1 Eigelb, 1 Teel\u00f6ffel Salz 1 Eiweiss und Walnuss-St\u00fccke<\/p>\n<p>Zubereitung: Mehl mit Salz vermischen, danach mit Butter abbr\u00f6seln, dann K\u00e4se, gemahlene Walnuss und Eigelb dazugeben, gut durchmischen und zu einem glatten Teig verkneten. Teig in Frischhaltefolie wickeln und im K\u00fchlschrank 1 Stunde ruhen lassen. Den Teig auf einer bemehlten Fl\u00e4che, ca. 0,5 cm d\u00fcnn ausrollen und mit einer Form ausstechen. Die Kekse auf ein mit Backpapier ausgelegtes Backblech nebeneinanderlegen, mit Eiweiss bestreichen und in der Mitte ein St\u00fcck Walnuss drauflegen. In auf 180 Grad vorgeheizten Backofen solange backen bis die Kekse goldbraun sind. Auf Kuchengitter abk\u00fchlen lassen.<\/p>\n<p>Guten Appetit und sch\u00f6ne Weihnachten w\u00fcnscht<\/p>\n<p>Zsuzsi K\u00fcrthi!\u201c<\/p>\n","protected":false},"excerpt":{"rendered":"<p>8. Dezember 2020 \u2013 Tag 8 Heute verbirgt sich hinter dem achten T\u00fcrchen unseres Dental Travel Adventskalenders ein leckeres Rezept von unserer Kollegin Zsuzsi K\u00fcrthi. Sie arbeitet im Expertenteam von Dental Travel. Das Expertenteam beantwortet alle Fragen rund um Ihre Zahnbehandlung in Ungarn und stimmt die Termine mit Ihnen und unseren Zahn\u00e4rzten in Ungarn ab. [&hellip;]<\/p>\n","protected":false},"author":11,"featured_media":3092,"comment_status":"open","ping_status":"closed","sticky":false,"template":"","format":"standard","meta":{"_genesis_hide_title":false,"_genesis_hide_breadcrumbs":false,"_genesis_hide_singular_image":false,"_genesis_hide_footer_widgets":false,"_genesis_custom_body_class":"","_genesis_custom_post_class":"","_genesis_layout":"","footnotes":""},"categories":[1],"tags":[124,125,50,75,110,11],"class_list":{"0":"post-3067","1":"post","2":"type-post","3":"status-publish","4":"format-standard","5":"has-post-thumbnail","7":"category-news","8":"tag-adventskalender","9":"tag-expertenteam","10":"tag-zahnbehandlung","11":"tag-zahnbehandlung-in-ungarn","12":"tag-zahnbehandlungen-in-ungarn","13":"tag-zahnersatz-im-ausland","14":"entry"},"_links":{"self":[{"href":"https:\/\/www.dentaltravel.ch\/blog\/wp-json\/wp\/v2\/posts\/3067","targetHints":{"allow":["GET"]}}],"collection":[{"href":"https:\/\/www.dentaltravel.ch\/blog\/wp-json\/wp\/v2\/posts"}],"about":[{"href":"https:\/\/www.dentaltravel.ch\/blog\/wp-json\/wp\/v2\/types\/post"}],"author":[{"embeddable":true,"href":"https:\/\/www.dentaltravel.ch\/blog\/wp-json\/wp\/v2\/users\/11"}],"replies":[{"embeddable":true,"href":"https:\/\/www.dentaltravel.ch\/blog\/wp-json\/wp\/v2\/comments?post=3067"}],"version-history":[{"count":0,"href":"https:\/\/www.dentaltravel.ch\/blog\/wp-json\/wp\/v2\/posts\/3067\/revisions"}],"wp:featuredmedia":[{"embeddable":true,"href":"https:\/\/www.dentaltravel.ch\/blog\/wp-json\/wp\/v2\/media\/3092"}],"wp:attachment":[{"href":"https:\/\/www.dentaltravel.ch\/blog\/wp-json\/wp\/v2\/media?parent=3067"}],"wp:term":[{"taxonomy":"category","embeddable":true,"href":"https:\/\/www.dentaltravel.ch\/blog\/wp-json\/wp\/v2\/categories?post=3067"},{"taxonomy":"post_tag","embeddable":true,"href":"https:\/\/www.dentaltravel.ch\/blog\/wp-json\/wp\/v2\/tags?post=3067"}],"curies":[{"name":"wp","href":"https:\/\/api.w.org\/{rel}","templated":true}]}}