
{"id":3098,"date":"2020-12-09T00:01:15","date_gmt":"2020-12-08T22:01:15","guid":{"rendered":"https:\/\/www.dentaltravel.ch\/blog\/?p=3098"},"modified":"2020-12-09T12:20:29","modified_gmt":"2020-12-09T10:20:29","slug":"adventskalender-tag-9","status":"publish","type":"post","link":"https:\/\/www.dentaltravel.ch\/blog\/news\/adventskalender-tag-9.php","title":{"rendered":"Adventskalender Dental Travel &#8211; Tag 9"},"content":{"rendered":"<p><img loading=\"lazy\" decoding=\"async\" class=\"alignnone wp-image-3107\" src=\"https:\/\/www.dentaltravel.ch\/blog\/wp-content\/uploads\/DT-9-Katrin-Buch-300x225.jpg\" alt=\"\" width=\"544\" height=\"408\" srcset=\"https:\/\/www.dentaltravel.ch\/blog\/wp-content\/uploads\/DT-9-Katrin-Buch-300x225.jpg 300w, https:\/\/www.dentaltravel.ch\/blog\/wp-content\/uploads\/DT-9-Katrin-Buch-768x576.jpg 768w, https:\/\/www.dentaltravel.ch\/blog\/wp-content\/uploads\/DT-9-Katrin-Buch.jpg 800w\" sizes=\"auto, (max-width: 544px) 100vw, 544px\" \/><\/p>\n<p>Hinter dem neunten T\u00fcrchen unseres Dental Travel Adventskalenders steckt eine tolle Geschenkidee von unserer Kollegin Katrin. Sie ist bei uns schon viele Jahre im Expertenteam t\u00e4tig und Ansprechpartnerin f\u00fcr alle Fragen rund um Ihre kosteng\u00fcnstige Zahnbehandlung in Ungarn. Sehr gern ber\u00e4t sie Sie mit ihrem Expertenwissen.<\/p>\n<p>Hier kommt Katrins Geschenktipp:<\/p>\n<p>\u201eMein Buchtipp zu Weihnachten \u201aGeschenkt\u2019 \u2013 Der Wiener Bestseller-Autor Daniel Glattauer (\u201aGut gegen Nordwind\u2019) erz\u00e4hlt in seinem Roman \u201aGeschenkt\u2019 von einem wenig ambitionierten, aber in seiner ungesch\u00f6nten Selbstwahrnehmung sympathisch-gelassenen Journalisten, der bei einer Gratiszeitung arbeitet und ein h\u00f6hepunktloses Leben f\u00fchrt. Sein ereignisloser Alltag nimmt Fahrt auf, als drei Dinge gleichzeitig passieren: Unter anderem wird er \u00fcberraschend Vater eines 14-j\u00e4hrigen Sohnes, der seinerseits nichts von der Verwandtschaft ahnt. \u201aGeschenkt\u2019 ist ein kurzweiliges Lesehighlight mit Tiefgang, das durch Charme und Situationskomik ab der ersten Seite begeistert. Auch als H\u00f6rbuch verf\u00fcgbar.<\/p>\n<p>Viel Freude beim Lesen und frohe Feiertage w\u00fcnscht Ihnen Katrin!\u201c<\/p>\n","protected":false},"excerpt":{"rendered":"<p>Hinter dem neunten T\u00fcrchen unseres Dental Travel Adventskalenders steckt eine tolle Geschenkidee von unserer Kollegin Katrin. Sie ist bei uns schon viele Jahre im Expertenteam t\u00e4tig und Ansprechpartnerin f\u00fcr alle Fragen rund um Ihre kosteng\u00fcnstige Zahnbehandlung in Ungarn. Sehr gern ber\u00e4t sie Sie mit ihrem Expertenwissen. Hier kommt Katrins Geschenktipp: \u201eMein Buchtipp zu Weihnachten \u201aGeschenkt\u2019 [&hellip;]<\/p>\n","protected":false},"author":11,"featured_media":3102,"comment_status":"open","ping_status":"closed","sticky":false,"template":"","format":"standard","meta":{"_genesis_hide_title":false,"_genesis_hide_breadcrumbs":false,"_genesis_hide_singular_image":false,"_genesis_hide_footer_widgets":false,"_genesis_custom_body_class":"","_genesis_custom_post_class":"","_genesis_layout":"","footnotes":""},"categories":[1],"tags":[92,124,50,110,11],"class_list":{"0":"post-3098","1":"post","2":"type-post","3":"status-publish","4":"format-standard","5":"has-post-thumbnail","7":"category-news","8":"tag-advent","9":"tag-adventskalender","10":"tag-zahnbehandlung","11":"tag-zahnbehandlungen-in-ungarn","12":"tag-zahnersatz-im-ausland","13":"entry"},"_links":{"self":[{"href":"https:\/\/www.dentaltravel.ch\/blog\/wp-json\/wp\/v2\/posts\/3098","targetHints":{"allow":["GET"]}}],"collection":[{"href":"https:\/\/www.dentaltravel.ch\/blog\/wp-json\/wp\/v2\/posts"}],"about":[{"href":"https:\/\/www.dentaltravel.ch\/blog\/wp-json\/wp\/v2\/types\/post"}],"author":[{"embeddable":true,"href":"https:\/\/www.dentaltravel.ch\/blog\/wp-json\/wp\/v2\/users\/11"}],"replies":[{"embeddable":true,"href":"https:\/\/www.dentaltravel.ch\/blog\/wp-json\/wp\/v2\/comments?post=3098"}],"version-history":[{"count":0,"href":"https:\/\/www.dentaltravel.ch\/blog\/wp-json\/wp\/v2\/posts\/3098\/revisions"}],"wp:featuredmedia":[{"embeddable":true,"href":"https:\/\/www.dentaltravel.ch\/blog\/wp-json\/wp\/v2\/media\/3102"}],"wp:attachment":[{"href":"https:\/\/www.dentaltravel.ch\/blog\/wp-json\/wp\/v2\/media?parent=3098"}],"wp:term":[{"taxonomy":"category","embeddable":true,"href":"https:\/\/www.dentaltravel.ch\/blog\/wp-json\/wp\/v2\/categories?post=3098"},{"taxonomy":"post_tag","embeddable":true,"href":"https:\/\/www.dentaltravel.ch\/blog\/wp-json\/wp\/v2\/tags?post=3098"}],"curies":[{"name":"wp","href":"https:\/\/api.w.org\/{rel}","templated":true}]}}