
{"id":3131,"date":"2020-12-12T00:01:51","date_gmt":"2020-12-11T22:01:51","guid":{"rendered":"https:\/\/www.dentaltravel.ch\/blog\/?p=3131"},"modified":"2020-12-13T23:56:21","modified_gmt":"2020-12-13T21:56:21","slug":"adventskalender-tag-12","status":"publish","type":"post","link":"https:\/\/www.dentaltravel.ch\/blog\/news\/adventskalender-tag-12.php","title":{"rendered":"Adventskalender Dental Travel &#8211; Tag 12"},"content":{"rendered":"<p><img loading=\"lazy\" decoding=\"async\" class=\"alignnone wp-image-3138\" src=\"https:\/\/www.dentaltravel.ch\/blog\/wp-content\/uploads\/DT-12-Agi-polar-express-300x225.jpg\" alt=\"\" width=\"496\" height=\"372\" srcset=\"https:\/\/www.dentaltravel.ch\/blog\/wp-content\/uploads\/DT-12-Agi-polar-express-300x225.jpg 300w, https:\/\/www.dentaltravel.ch\/blog\/wp-content\/uploads\/DT-12-Agi-polar-express-768x576.jpg 768w, https:\/\/www.dentaltravel.ch\/blog\/wp-content\/uploads\/DT-12-Agi-polar-express.jpg 800w\" sizes=\"auto, (max-width: 496px) 100vw, 496px\" \/><\/p>\n<p>Halbzeit! Nur noch zw\u00f6lf Tage bis Heiligabend! Hinter dem heutigen T\u00fcrchen unseres Dental Travel Adventskalenders verbirgt sich ein Filmtipp von unserer Kollegin Agnes Egyed. Sie arbeitet bei uns als Koordinatorin des Expertenteams. Ihre Aufgabe ist es haupts\u00e4chlich, das Tagesgesch\u00e4ft und die Patientenanfragen zu koordinieren.<\/p>\n<p>Hier der Filmtipp von Agnes:<br \/>\n\u201eNach meiner Deko-Idee f\u00fcr unseren Adventskalender hier noch eine Empfehlung von mir: ein Film &#8230; einfach sch\u00f6n &#8230; Der Polarexpress: In der Weihnachtsnacht liegt ein kleiner Junge in seinem Bett und wartet trotz seiner Zweifel am Weihnachtsmann auf die Ger\u00e4usche des Rentierschlittens. Im Laufe der Nacht jedoch h\u00f6rt er Ger\u00e4usche eines Zuges und begibt sich vor die Haust\u00fcr, wo ein Schaffner vor einem Zug mit dem Namen Polarexpress steht. Er erkl\u00e4rt ihm, der Zug fahre zum Nordpol und bittet ihn einzusteigen. Nach kurzem Z\u00f6gern tut der kleine Junge dies &#8230; Viel Spass beim Zuschauen w\u00fcnscht Ihnen<br \/>\nAgnes Egyed!\u201c<\/p>\n","protected":false},"excerpt":{"rendered":"<p>Halbzeit! Nur noch zw\u00f6lf Tage bis Heiligabend! Hinter dem heutigen T\u00fcrchen unseres Dental Travel Adventskalenders verbirgt sich ein Filmtipp von unserer Kollegin Agnes Egyed. Sie arbeitet bei uns als Koordinatorin des Expertenteams. Ihre Aufgabe ist es haupts\u00e4chlich, das Tagesgesch\u00e4ft und die Patientenanfragen zu koordinieren. Hier der Filmtipp von Agnes: \u201eNach meiner Deko-Idee f\u00fcr unseren Adventskalender [&hellip;]<\/p>\n","protected":false},"author":11,"featured_media":3137,"comment_status":"open","ping_status":"closed","sticky":false,"template":"","format":"standard","meta":{"_genesis_hide_title":false,"_genesis_hide_breadcrumbs":false,"_genesis_hide_singular_image":false,"_genesis_hide_footer_widgets":false,"_genesis_custom_body_class":"","_genesis_custom_post_class":"","_genesis_layout":"","footnotes":""},"categories":[1],"tags":[92,124,75,110,11],"class_list":{"0":"post-3131","1":"post","2":"type-post","3":"status-publish","4":"format-standard","5":"has-post-thumbnail","7":"category-news","8":"tag-advent","9":"tag-adventskalender","10":"tag-zahnbehandlung-in-ungarn","11":"tag-zahnbehandlungen-in-ungarn","12":"tag-zahnersatz-im-ausland","13":"entry"},"_links":{"self":[{"href":"https:\/\/www.dentaltravel.ch\/blog\/wp-json\/wp\/v2\/posts\/3131","targetHints":{"allow":["GET"]}}],"collection":[{"href":"https:\/\/www.dentaltravel.ch\/blog\/wp-json\/wp\/v2\/posts"}],"about":[{"href":"https:\/\/www.dentaltravel.ch\/blog\/wp-json\/wp\/v2\/types\/post"}],"author":[{"embeddable":true,"href":"https:\/\/www.dentaltravel.ch\/blog\/wp-json\/wp\/v2\/users\/11"}],"replies":[{"embeddable":true,"href":"https:\/\/www.dentaltravel.ch\/blog\/wp-json\/wp\/v2\/comments?post=3131"}],"version-history":[{"count":0,"href":"https:\/\/www.dentaltravel.ch\/blog\/wp-json\/wp\/v2\/posts\/3131\/revisions"}],"wp:featuredmedia":[{"embeddable":true,"href":"https:\/\/www.dentaltravel.ch\/blog\/wp-json\/wp\/v2\/media\/3137"}],"wp:attachment":[{"href":"https:\/\/www.dentaltravel.ch\/blog\/wp-json\/wp\/v2\/media?parent=3131"}],"wp:term":[{"taxonomy":"category","embeddable":true,"href":"https:\/\/www.dentaltravel.ch\/blog\/wp-json\/wp\/v2\/categories?post=3131"},{"taxonomy":"post_tag","embeddable":true,"href":"https:\/\/www.dentaltravel.ch\/blog\/wp-json\/wp\/v2\/tags?post=3131"}],"curies":[{"name":"wp","href":"https:\/\/api.w.org\/{rel}","templated":true}]}}