
{"id":3158,"date":"2020-12-15T00:01:12","date_gmt":"2020-12-14T22:01:12","guid":{"rendered":"https:\/\/www.dentaltravel.ch\/blog\/?p=3158"},"modified":"2020-12-15T14:52:05","modified_gmt":"2020-12-15T12:52:05","slug":"adventskalender-tag-15","status":"publish","type":"post","link":"https:\/\/www.dentaltravel.ch\/blog\/news\/adventskalender-tag-15.php","title":{"rendered":"Adventskalender Dental Travel &#8211; Tag 15"},"content":{"rendered":"<p><img loading=\"lazy\" decoding=\"async\" class=\"alignnone wp-image-3160\" src=\"https:\/\/www.dentaltravel.ch\/blog\/wp-content\/uploads\/15-DT-Linzer-Eszter-300x225.jpg\" alt=\"\" width=\"428\" height=\"321\" srcset=\"https:\/\/www.dentaltravel.ch\/blog\/wp-content\/uploads\/15-DT-Linzer-Eszter-300x225.jpg 300w, https:\/\/www.dentaltravel.ch\/blog\/wp-content\/uploads\/15-DT-Linzer-Eszter-768x576.jpg 768w, https:\/\/www.dentaltravel.ch\/blog\/wp-content\/uploads\/15-DT-Linzer-Eszter.jpg 800w\" sizes=\"auto, (max-width: 428px) 100vw, 428px\" \/><\/p>\n<p>Hinter dem 15. T\u00fcrchen unseres Dental Travel Adventskalenders steckt ein Backvideo von unserer Gesch\u00e4ftsf\u00fchrerin Eszter Jopp:<\/p>\n<p><a href=\"https:\/\/youtu.be\/3KYUMh3-tnM\">https:\/\/youtu.be\/3KYUMh3-tnM<\/a><\/p>\n<p>\u201eEin klassisches Rezept f\u00fcr Weihnachten: Linzer! Sie sind sehr dekorativ und k\u00f6stlich weich. Wir beginnen die Weihnachtssaison mit einer doppelten Portion. Das Rezept k\u00f6nnen Sie auch mit dem Thermomix verwenden.<br \/>\nViel Genuss und frohe Weihnachten w\u00fcnscht Ihnen<br \/>\nEszter Jopp\u201d<\/p>\n<p>Rezept:<\/p>\n<ul>\n<li>450 g Mehl, man kann es mit Mandelmehl mischen<\/li>\n<li>300 g Butter<\/li>\n<li>150 g Puderzucker<\/li>\n<li>1 Ei<\/li>\n<li>4 EL Ribiselmarmelade<\/li>\n<li>5 EL Staubzucker zum Bestreuen<\/li>\n<li>1 TL Backpulver<\/li>\n<li>1 Prise Salz<\/li>\n<li>1 Zitronenschale gerieben (Orangenschale geht auch)<\/li>\n<li>1 Prise Zimt gemahlen<\/li>\n<li>1 Prise Muskatnuss gerieben<\/li>\n<\/ul>\n<p>Zubereitung:<\/p>\n<p>Das Mehl mit dem Backpulver vermischen und mit der zerkleinerten Butter in einer Sch\u00fcssel mit der K\u00fcchenmaschine verkneten. Puderzucker, Eidotter, Zimt, Salz, Muskatnuss und die geriebene Zitronenschale unterheben, gut vermischen und den Teig eine Stunde ruhen lassen.<\/p>\n<p>Den Backofen auf 180 Grad vorheizen und ein Backblech mit Backpapier belegen.<\/p>\n<p>Den Teig auf einer mit bemehlten Arbeitsfl\u00e4che d\u00fcnn ausrollen und sternf\u00f6rmige Kekse ausstechen. Bei der H\u00e4lfte der Kekse in der Mitte einen kleinen Stern ausstechen. Die Kekse auf dem Backblech verteilen und zw\u00f6lf Minuten backen lassen.<\/p>\n<p>Die vollen Kekse mit Marmelade bestreichen und die Kekse mit dem Sternloch daraufsetzen. Die Linzer Sterne mit Staubzucker bestreuen. Fertig!<\/p>\n","protected":false},"excerpt":{"rendered":"<p>Hinter dem 15. T\u00fcrchen unseres Dental Travel Adventskalenders steckt ein Backvideo von unserer Gesch\u00e4ftsf\u00fchrerin Eszter Jopp: https:\/\/youtu.be\/3KYUMh3-tnM \u201eEin klassisches Rezept f\u00fcr Weihnachten: Linzer! Sie sind sehr dekorativ und k\u00f6stlich weich. Wir beginnen die Weihnachtssaison mit einer doppelten Portion. Das Rezept k\u00f6nnen Sie auch mit dem Thermomix verwenden. Viel Genuss und frohe Weihnachten w\u00fcnscht Ihnen Eszter [&hellip;]<\/p>\n","protected":false},"author":11,"featured_media":3161,"comment_status":"open","ping_status":"closed","sticky":false,"template":"","format":"standard","meta":{"_genesis_hide_title":false,"_genesis_hide_breadcrumbs":false,"_genesis_hide_singular_image":false,"_genesis_hide_footer_widgets":false,"_genesis_custom_body_class":"","_genesis_custom_post_class":"","_genesis_layout":"","footnotes":""},"categories":[1],"tags":[92,124,85,75,11],"class_list":{"0":"post-3158","1":"post","2":"type-post","3":"status-publish","4":"format-standard","5":"has-post-thumbnail","7":"category-news","8":"tag-advent","9":"tag-adventskalender","10":"tag-medizintourismus","11":"tag-zahnbehandlung-in-ungarn","12":"tag-zahnersatz-im-ausland","13":"entry"},"_links":{"self":[{"href":"https:\/\/www.dentaltravel.ch\/blog\/wp-json\/wp\/v2\/posts\/3158","targetHints":{"allow":["GET"]}}],"collection":[{"href":"https:\/\/www.dentaltravel.ch\/blog\/wp-json\/wp\/v2\/posts"}],"about":[{"href":"https:\/\/www.dentaltravel.ch\/blog\/wp-json\/wp\/v2\/types\/post"}],"author":[{"embeddable":true,"href":"https:\/\/www.dentaltravel.ch\/blog\/wp-json\/wp\/v2\/users\/11"}],"replies":[{"embeddable":true,"href":"https:\/\/www.dentaltravel.ch\/blog\/wp-json\/wp\/v2\/comments?post=3158"}],"version-history":[{"count":0,"href":"https:\/\/www.dentaltravel.ch\/blog\/wp-json\/wp\/v2\/posts\/3158\/revisions"}],"wp:featuredmedia":[{"embeddable":true,"href":"https:\/\/www.dentaltravel.ch\/blog\/wp-json\/wp\/v2\/media\/3161"}],"wp:attachment":[{"href":"https:\/\/www.dentaltravel.ch\/blog\/wp-json\/wp\/v2\/media?parent=3158"}],"wp:term":[{"taxonomy":"category","embeddable":true,"href":"https:\/\/www.dentaltravel.ch\/blog\/wp-json\/wp\/v2\/categories?post=3158"},{"taxonomy":"post_tag","embeddable":true,"href":"https:\/\/www.dentaltravel.ch\/blog\/wp-json\/wp\/v2\/tags?post=3158"}],"curies":[{"name":"wp","href":"https:\/\/api.w.org\/{rel}","templated":true}]}}