
{"id":3167,"date":"2020-12-16T00:01:26","date_gmt":"2020-12-15T22:01:26","guid":{"rendered":"https:\/\/www.dentaltravel.ch\/blog\/?p=3167"},"modified":"2020-12-17T15:44:15","modified_gmt":"2020-12-17T13:44:15","slug":"adventskalender-tag-16","status":"publish","type":"post","link":"https:\/\/www.dentaltravel.ch\/blog\/news\/adventskalender-tag-16.php","title":{"rendered":"Adventskalender Dental Travel &#8211; Tag 16"},"content":{"rendered":"<p><strong><img loading=\"lazy\" decoding=\"async\" class=\"alignnone wp-image-3170\" src=\"https:\/\/www.dentaltravel.ch\/blog\/wp-content\/uploads\/16-DT-Creme-Eszti-300x225.jpg\" alt=\"\" width=\"405\" height=\"304\" srcset=\"https:\/\/www.dentaltravel.ch\/blog\/wp-content\/uploads\/16-DT-Creme-Eszti-300x225.jpg 300w, https:\/\/www.dentaltravel.ch\/blog\/wp-content\/uploads\/16-DT-Creme-Eszti-768x576.jpg 768w, https:\/\/www.dentaltravel.ch\/blog\/wp-content\/uploads\/16-DT-Creme-Eszti.jpg 800w\" sizes=\"auto, (max-width: 405px) 100vw, 405px\" \/><\/strong><\/p>\n<p><strong>Esztis Weihnachtscreme<\/strong><br \/>\nDas 16. T\u00fcrchen beinhaltet eine weitere Wellness-Idee von unserer Kollegin Eszter Hajdu. Sie arbeitet bei Dental Travel als Kundenbetreuerin im Expertenteam und Projektkoordinatorin. Wenn Sie bei uns anrufen, ist es also m\u00f6glich, dass Sie Eszter Hajdu am Telefon haben. Das Expertenteam beantwortet alle Fragen rund um Ihre kosteng\u00fcnstige Zahnbehandlung in Ungarn.<\/p>\n<p><strong>Hier kommt Esztis Wellness-Idee:<\/strong><\/p>\n<p>\u201eIch habe vor ein paar Jahren diese Creme von einer Freundin zu Weihnachten bekommen. Sie duftet herrlich und pflegt die Haut. Mein Tipp ist, in der kalten Winterzeit die Creme auf die trockenen Lippen und H\u00e4nde aufzutragen. Sie ist ganz leicht herzustellen.\u201c<\/p>\n<p><strong>Zutaten:<\/strong><br \/>\n60% Shea Butter<br \/>\n20% Oliven\u00f6l<br \/>\n15% Kokos\u00f6l<br \/>\n5% Mandel\u00f6l (sch\u00f6n ist auch 5% Argan\u00f6l statt Mandel\u00f6l)<br \/>\nBio Atherische \u00d6le wie Nelken, Orangen, Grapefruit und Zimt \u2013 jeweils 10 Tr\u00f6pfchen. Sollten 10 Tropfen nicht duftig genug sein, geben Sie noch ein paar dazu. Es sollte jedoch maximal ein Teel\u00f6ffel pro 200 g Creme sein.<\/p>\n<p>Alle Zutaten werden mit einem P\u00fcrierstab oder Mixer vermischt. Wenn die Masse zu fl\u00fcssig ist, geben Sie einfach noch etwas Sheabutter dazu. Die Creme lagert am besten im K\u00fchlschrank.<\/p>\n","protected":false},"excerpt":{"rendered":"<p>Esztis Weihnachtscreme Das 16. T\u00fcrchen beinhaltet eine weitere Wellness-Idee von unserer Kollegin Eszter Hajdu. Sie arbeitet bei Dental Travel als Kundenbetreuerin im Expertenteam und Projektkoordinatorin. Wenn Sie bei uns anrufen, ist es also m\u00f6glich, dass Sie Eszter Hajdu am Telefon haben. Das Expertenteam beantwortet alle Fragen rund um Ihre kosteng\u00fcnstige Zahnbehandlung in Ungarn. Hier kommt [&hellip;]<\/p>\n","protected":false},"author":11,"featured_media":3171,"comment_status":"open","ping_status":"closed","sticky":false,"template":"","format":"standard","meta":{"_genesis_hide_title":false,"_genesis_hide_breadcrumbs":false,"_genesis_hide_singular_image":false,"_genesis_hide_footer_widgets":false,"_genesis_custom_body_class":"","_genesis_custom_post_class":"","_genesis_layout":"","footnotes":""},"categories":[1],"tags":[92,124,125,75,110],"class_list":{"0":"post-3167","1":"post","2":"type-post","3":"status-publish","4":"format-standard","5":"has-post-thumbnail","7":"category-news","8":"tag-advent","9":"tag-adventskalender","10":"tag-expertenteam","11":"tag-zahnbehandlung-in-ungarn","12":"tag-zahnbehandlungen-in-ungarn","13":"entry"},"_links":{"self":[{"href":"https:\/\/www.dentaltravel.ch\/blog\/wp-json\/wp\/v2\/posts\/3167","targetHints":{"allow":["GET"]}}],"collection":[{"href":"https:\/\/www.dentaltravel.ch\/blog\/wp-json\/wp\/v2\/posts"}],"about":[{"href":"https:\/\/www.dentaltravel.ch\/blog\/wp-json\/wp\/v2\/types\/post"}],"author":[{"embeddable":true,"href":"https:\/\/www.dentaltravel.ch\/blog\/wp-json\/wp\/v2\/users\/11"}],"replies":[{"embeddable":true,"href":"https:\/\/www.dentaltravel.ch\/blog\/wp-json\/wp\/v2\/comments?post=3167"}],"version-history":[{"count":0,"href":"https:\/\/www.dentaltravel.ch\/blog\/wp-json\/wp\/v2\/posts\/3167\/revisions"}],"wp:featuredmedia":[{"embeddable":true,"href":"https:\/\/www.dentaltravel.ch\/blog\/wp-json\/wp\/v2\/media\/3171"}],"wp:attachment":[{"href":"https:\/\/www.dentaltravel.ch\/blog\/wp-json\/wp\/v2\/media?parent=3167"}],"wp:term":[{"taxonomy":"category","embeddable":true,"href":"https:\/\/www.dentaltravel.ch\/blog\/wp-json\/wp\/v2\/categories?post=3167"},{"taxonomy":"post_tag","embeddable":true,"href":"https:\/\/www.dentaltravel.ch\/blog\/wp-json\/wp\/v2\/tags?post=3167"}],"curies":[{"name":"wp","href":"https:\/\/api.w.org\/{rel}","templated":true}]}}