
{"id":3513,"date":"2023-09-23T20:26:40","date_gmt":"2023-09-23T18:26:40","guid":{"rendered":"https:\/\/www.dentaltravel.ch\/blog\/?p=3513"},"modified":"2023-09-25T21:01:25","modified_gmt":"2023-09-25T19:01:25","slug":"bild-am-sonntag-schoenes-laecheln","status":"publish","type":"post","link":"https:\/\/www.dentaltravel.ch\/blog\/news\/bild-am-sonntag-schoenes-laecheln.php","title":{"rendered":"BILD am Sonntag und bild.de: Was kosten sch\u00f6ne Z\u00e4hne?"},"content":{"rendered":"<p><img loading=\"lazy\" decoding=\"async\" class=\"wp-image-3518 alignleft\" src=\"https:\/\/www.dentaltravel.ch\/blog\/wp-content\/uploads\/Bild-am-Sonntag_Zahnklinik-Ungarn-300x200.jpg\" alt=\"\" width=\"354\" height=\"236\" srcset=\"https:\/\/www.dentaltravel.ch\/blog\/wp-content\/uploads\/Bild-am-Sonntag_Zahnklinik-Ungarn-300x200.jpg 300w, https:\/\/www.dentaltravel.ch\/blog\/wp-content\/uploads\/Bild-am-Sonntag_Zahnklinik-Ungarn.jpg 687w\" sizes=\"auto, (max-width: 354px) 100vw, 354px\" \/><\/p>\n<p>Am 25. September ist wieder \u201eTag der Zahngesundheit. Grund genug f\u00fcr die <a href=\"https:\/\/www.dentaltravel.ch\/index.php?id=686\">BILD am Sonntag<\/a> und <a href=\"https:\/\/www.dentaltravel.ch\/bild-zahnmedizin-behandlung-im-ausland.php\">bild.de<\/a> das Thema Z\u00e4hne in den Mittelpunkt zu stellen. F\u00fcr ihren Artikel \u201eWas kosten mich sch\u00f6ne Z\u00e4hne?\u201c fragte BILD-Redakteurin Karoline Beyer bei uns an. Sie wollte mit einer Patientin oder einem Patienten sprechen, der Lust hat, in der BILD Zeitung \u00fcber seine Erfahrungen in Ungarn zu berichten.<\/p>\n<p>Christiane Schlenker (59) aus Berlin war sofort dazu bereit, denn sie ist mit ihrer Zahnbehandlung und vor allem der Preisersparnis bei <a href=\"https:\/\/www.dentaltravel.ch\/cosmodent.php\">CosmoDent<\/a> in Budapest mehr als zufrieden. Davon m\u00f6chte sie nun m\u00f6glichst vielen Menschen erz\u00e4hlen. Als Schaupielerin ist f\u00fcr die Berlinerin das \u00e4ussere Erscheinungsbild enorm wichtig \u2013 und ein strahlendes L\u00e4cheln geh\u00f6rt nun einmal dazu. Seit ihrer Zahnbehandlung in Ungarn f\u00fchlt sie sich in ihrem Job auf der B\u00fchne wieder rundum wohl, berichtet sie der BILD am Sonntag: &#171;Ich werde von Scheinwerfern angestrahlt und lache viel. Weil mir ein Zahn fehlte, war da eine Sanierung dringend notwendig.&#187;<\/p>\n<p>Und das Beste: Christiane Schlenker zahlte anstatt der in Deutschland veranschlagten knapp 15.000 CHF in Ungarn nur 5.460 CHF f\u00fcr ihre Zahnbehandlung.<\/p>\n<p><strong>58 Prozent Preisersparnis in Ungarn<\/strong><\/p>\n<p>In der Zahnklinik CosmoDent in Budapest erhielt die Patientin sieben <a href=\"https:\/\/www.dentaltravel.ch\/zahnkrone.php\">Zahnkronen<\/a>, ein <a href=\"https:\/\/www.dentaltravel.ch\/zahnimplantate.php\">Implantat<\/a>, eine Wurzelkanalbehandlung mit F\u00fcllung und f\u00fcnf Kompositf\u00fcllungen. Im Vergleich zu den Kosten in Deutschland bedeutete dies eine beeindruckende Ersparnis von \u00fcber 58 Prozent oder 8.740 Euro. Von ihrer Krankenversicherung bekam sie einen Zuschuss von 1424 CHF und zahlte am Ende nur 4.800 CHF f\u00fcr ihr neues L\u00e4cheln.<\/p>\n<p><strong>Wie lief die Zahnbehandlung in Ungarn ab?<\/strong><\/p>\n<p>Die Behandlung in der CosmoDent Zahnklinik wurde wegen des Implantats in zwei Phasen durchgef\u00fchrt. Christiane Schlenker reiste mit ihrem Mann f\u00fcr sieben Tage nach Budapest und erhielt dort das Implantat sowie die Kronen und F\u00fcllungen. Nach einer Einheilzeit von drei Monaten kehrte sie f\u00fcr weitere f\u00fcnf Tage zur\u00fcck nach Ungarn, um die Behandlung abzuschliessen. Unter den fachkundigen H\u00e4nden von <a href=\"https:\/\/www.dentaltravel.ch\/dr-med-dent-zoltan-ovari-cosmo-dent.php\">Dr. Zoltan Ovari<\/a>, dem Chefarzt von Cosmo Dent, erhielt Christiane Schlenker ein neues, strahlendes L\u00e4cheln, das sie bei ihren Auftritten jetzt mit Freude zeigt. \u201eIch bin immer noch super zufrieden mit dem Behandlungsergebnis und selbst mein Zahnarzt in Deutschland war erstaunt \u00fcber das sehr gute Resultat\u201c, sagt Christiane Schlenker im Interview mit der Bild am Sonntag.<\/p>\n<p>Tr\u00e4umen auch Sie von einem sch\u00f6nen L\u00e4cheln? Dann rufen Sie uns bitte an oder nutzen Sie das Kontaktformular. Wir freuen uns auf Sie!<\/p>\n<span class='mb-center maxbutton-1-center'><span class='maxbutton-1-container mb-container'><a class=\"maxbutton-1 maxbutton maxbutton-kontaktbutton\" rel=\"nofollow noopener\" href=\"https:\/\/www.dentaltravel.ch\/kontakt.php\"><span class='mb-text'>Zum Kontaktformular<\/span><\/a><\/span><\/span>\n","protected":false},"excerpt":{"rendered":"<p>Am 25. September ist wieder \u201eTag der Zahngesundheit. Grund genug f\u00fcr die BILD am Sonntag und bild.de das Thema Z\u00e4hne in den Mittelpunkt zu stellen. F\u00fcr ihren Artikel \u201eWas kosten mich sch\u00f6ne Z\u00e4hne?\u201c fragte BILD-Redakteurin Karoline Beyer bei uns an. Sie wollte mit einer Patientin oder einem Patienten sprechen, der Lust hat, in der BILD [&hellip;]<\/p>\n","protected":false},"author":11,"featured_media":3520,"comment_status":"open","ping_status":"closed","sticky":false,"template":"","format":"standard","meta":{"_genesis_hide_title":false,"_genesis_hide_breadcrumbs":false,"_genesis_hide_singular_image":false,"_genesis_hide_footer_widgets":false,"_genesis_custom_body_class":"","_genesis_custom_post_class":"","_genesis_layout":"","footnotes":""},"categories":[1],"tags":[183,182,181,8,184,86,185,186,187,15,75],"class_list":{"0":"post-3513","1":"post","2":"type-post","3":"status-publish","4":"format-standard","5":"has-post-thumbnail","7":"category-news","8":"tag-bams","9":"tag-bild","10":"tag-bild-am-sonntag","11":"tag-budapest","12":"tag-christiane-schlenker","13":"tag-cosmodent","14":"tag-dr-ovari","15":"tag-schoenes-laecheln","16":"tag-tag-der-zahngesundheit","17":"tag-ungarn","18":"tag-zahnbehandlung-in-ungarn","19":"entry"},"_links":{"self":[{"href":"https:\/\/www.dentaltravel.ch\/blog\/wp-json\/wp\/v2\/posts\/3513","targetHints":{"allow":["GET"]}}],"collection":[{"href":"https:\/\/www.dentaltravel.ch\/blog\/wp-json\/wp\/v2\/posts"}],"about":[{"href":"https:\/\/www.dentaltravel.ch\/blog\/wp-json\/wp\/v2\/types\/post"}],"author":[{"embeddable":true,"href":"https:\/\/www.dentaltravel.ch\/blog\/wp-json\/wp\/v2\/users\/11"}],"replies":[{"embeddable":true,"href":"https:\/\/www.dentaltravel.ch\/blog\/wp-json\/wp\/v2\/comments?post=3513"}],"version-history":[{"count":0,"href":"https:\/\/www.dentaltravel.ch\/blog\/wp-json\/wp\/v2\/posts\/3513\/revisions"}],"wp:featuredmedia":[{"embeddable":true,"href":"https:\/\/www.dentaltravel.ch\/blog\/wp-json\/wp\/v2\/media\/3520"}],"wp:attachment":[{"href":"https:\/\/www.dentaltravel.ch\/blog\/wp-json\/wp\/v2\/media?parent=3513"}],"wp:term":[{"taxonomy":"category","embeddable":true,"href":"https:\/\/www.dentaltravel.ch\/blog\/wp-json\/wp\/v2\/categories?post=3513"},{"taxonomy":"post_tag","embeddable":true,"href":"https:\/\/www.dentaltravel.ch\/blog\/wp-json\/wp\/v2\/tags?post=3513"}],"curies":[{"name":"wp","href":"https:\/\/api.w.org\/{rel}","templated":true}]}}